{"id":1643,"date":"2025-12-14T05:16:43","date_gmt":"2025-12-14T05:16:43","guid":{"rendered":"https:\/\/andreashansche.de\/?p=1643"},"modified":"2025-12-14T05:21:06","modified_gmt":"2025-12-14T05:21:06","slug":"goetz-aly-wie-konnte-das-geschehen","status":"publish","type":"post","link":"https:\/\/andreashansche.de\/?p=1643","title":{"rendered":"G\u00f6tz Aly: Wie konnte das geschehen\u200b?"},"content":{"rendered":"<p>Nicht passieren, wie vor\u00fcber vorbei gehen, sondern Geschehnis.\u200b<\/p>\n<p>Aly zitiert in seinem Buch Zeitgenossen, die Gegner Hitlers waren, aber immer wieder bestimmten seiner Ma\u00dfnahmen\u200b beipflichteten. K\u00fcndigung von<span class=\"Apple-converted-space\">\u00a0 <\/span>Versailles, Anschlu\u00df \u00d6sterreichs, Sozialpolitik, Sieg \u00fcber Frankreich, selbst Anteile des Antisemitismus.<span class=\"Apple-converted-space\">\u00a0<\/span><\/p>\n<p>Aly sagt, der Nationalsozialismus ist keine koh\u00e4rente Ideologie, im Gegenteil, die NS \u00fcbernehmen Str\u00f6mungen, die schon da sind, manche werden ins gewaltt\u00e4tige, mordsl\u00fcsterne verst\u00e4rkt und das Volk wird zu Komplizen &#8211; mehr oder minder.<\/p>\n<p>Zur\u00fcckingenieurt aus dem Auftreten heutiger Anfifaschisten heraus, die eben gerade aus Einzelnem den Einzelnen als Nazi oder Faschisten denunzieren gilt es, hier im Detail entgegen zu sprechen, die Str\u00f6mungen die der NS aufnahm von dem zu trennen, &#8211; ja was? Hat den NS denn dann ausgemacht?\u200b<\/p>\n<p>Oder gibt es Gleichungen zur radikalen Linken, was Formen von Unterdr\u00fcckung, Ressentimmentismus, Kollektivismus bis in die Symbole (die Farben des NS und der Antifa sind: Schwarz Wei\u00df Rot) betrifft? Es steht eine fragende Betrachtung gegen reine Denunziation.<\/p>\n<p>&nbsp;<\/p>\n","protected":false},"excerpt":{"rendered":"<p>Nicht passieren, wie vor\u00fcber vorbei gehen, sondern Geschehnis.\u200b Aly zitiert in seinem Buch Zeitgenossen, die Gegner Hitlers waren, aber immer wieder bestimmten seiner Ma\u00dfnahmen\u200b beipflichteten. K\u00fcndigung von\u00a0 Versailles, Anschlu\u00df \u00d6sterreichs, Sozialpolitik, Sieg \u00fcber Frankreich, selbst Anteile des Antisemitismus.\u00a0 Aly sagt, der Nationalsozialismus ist keine koh\u00e4rente Ideologie, im Gegenteil, die NS \u00fcbernehmen Str\u00f6mungen, die schon da &hellip; <a href=\"https:\/\/andreashansche.de\/?p=1643\" class=\"more-link\"><span class=\"screen-reader-text\">G\u00f6tz Aly: Wie konnte das geschehen\u200b?<\/span> weiterlesen<\/a><\/p>\n","protected":false},"author":1,"featured_media":0,"comment_status":"closed","ping_status":"open","sticky":false,"template":"","format":"standard","meta":{"_jetpack_memberships_contains_paid_content":false,"footnotes":""},"categories":[1],"tags":[],"class_list":["post-1643","post","type-post","status-publish","format-standard","hentry","category-uncategorized"],"jetpack_featured_media_url":"","jetpack_sharing_enabled":true,"_links":{"self":[{"href":"https:\/\/andreashansche.de\/index.php?rest_route=\/wp\/v2\/posts\/1643","targetHints":{"allow":["GET"]}}],"collection":[{"href":"https:\/\/andreashansche.de\/index.php?rest_route=\/wp\/v2\/posts"}],"about":[{"href":"https:\/\/andreashansche.de\/index.php?rest_route=\/wp\/v2\/types\/post"}],"author":[{"embeddable":true,"href":"https:\/\/andreashansche.de\/index.php?rest_route=\/wp\/v2\/users\/1"}],"replies":[{"embeddable":true,"href":"https:\/\/andreashansche.de\/index.php?rest_route=%2Fwp%2Fv2%2Fcomments&post=1643"}],"version-history":[{"count":5,"href":"https:\/\/andreashansche.de\/index.php?rest_route=\/wp\/v2\/posts\/1643\/revisions"}],"predecessor-version":[{"id":1649,"href":"https:\/\/andreashansche.de\/index.php?rest_route=\/wp\/v2\/posts\/1643\/revisions\/1649"}],"wp:attachment":[{"href":"https:\/\/andreashansche.de\/index.php?rest_route=%2Fwp%2Fv2%2Fmedia&parent=1643"}],"wp:term":[{"taxonomy":"category","embeddable":true,"href":"https:\/\/andreashansche.de\/index.php?rest_route=%2Fwp%2Fv2%2Fcategories&post=1643"},{"taxonomy":"post_tag","embeddable":true,"href":"https:\/\/andreashansche.de\/index.php?rest_route=%2Fwp%2Fv2%2Ftags&post=1643"}],"curies":[{"name":"wp","href":"https:\/\/api.w.org\/{rel}","templated":true}]}}